{"id":76,"date":"2021-07-27T17:52:43","date_gmt":"2021-07-27T15:52:43","guid":{"rendered":"http:\/\/www.comps.fr\/?p=76"},"modified":"2021-07-27T17:58:37","modified_gmt":"2021-07-27T15:58:37","slug":"le-conseil-municipal","status":"publish","type":"post","link":"http:\/\/www.comps.fr\/?p=76","title":{"rendered":"Le Conseil Municipal"},"content":{"rendered":"\n<figure class=\"wp-block-gallery columns-1 is-cropped wp-block-gallery-1 is-layout-flex wp-block-gallery-is-layout-flex\"><ul class=\"blocks-gallery-grid\"><li class=\"blocks-gallery-item\"><figure><img loading=\"lazy\" decoding=\"async\" width=\"1024\" height=\"768\" src=\"http:\/\/www.comps.fr\/wp-content\/uploads\/2021\/07\/conseil-2_compressed-1024x768.jpg\" alt=\"\" data-id=\"77\" class=\"wp-image-77\" srcset=\"http:\/\/www.comps.fr\/wp-content\/uploads\/2021\/07\/conseil-2_compressed-1024x768.jpg 1024w, http:\/\/www.comps.fr\/wp-content\/uploads\/2021\/07\/conseil-2_compressed-300x225.jpg 300w, http:\/\/www.comps.fr\/wp-content\/uploads\/2021\/07\/conseil-2_compressed-768x576.jpg 768w, http:\/\/www.comps.fr\/wp-content\/uploads\/2021\/07\/conseil-2_compressed-1536x1152.jpg 1536w, http:\/\/www.comps.fr\/wp-content\/uploads\/2021\/07\/conseil-2_compressed-2048x1536.jpg 2048w\" sizes=\"auto, (max-width: 1024px) 100vw, 1024px\" \/><figcaption class=\"blocks-gallery-item__caption\">L&rsquo;\u00e9quipe municipale est compos\u00e9e de Jean-Pierre Fabre (Maire), Yannick Terrot (Premier adjoint), Myriam Cordeil (Deuxi\u00e8me adjointe), et de : Marianne Charmier, Juliette Devred, Corinne Guillaume-Lafond, Marie-Christine Houville, Marc Alexandre, Roger Gras, Florian Mazoyer et Samy Raspail.<\/figcaption><\/figure><\/li><\/ul><\/figure>\n\n\n\n<p><strong>Pr\u00e9sentation de L\u2019\u00e9quipe Municipale<br><\/strong>Jean-Pierre FABRE, Les Bourets, 78 ans, retrait\u00e9 (chercheur \u00e0 l\u2019Institut National de la Recherche pour l\u2019agriculture, l\u2019alimentation et l\u2019environnement).<br>Yannick TERROT, Chantebise, 47 ans, charg\u00e9 de projet au Conseil D\u00e9partemental, secteur de Mont\u00e9limar et Dieulefit.<br>Myriam CORDEIL, la Motte, 48 ans, agricultrice, (secr\u00e9taire administrative).<br>Juliette DEVRED, Dousselin, 36 ans, infirmi\u00e8re \u00e0 la cr\u00eache de Dieulefit.<br>Marc ALEXANDRE, Le Buffelas, 66 ans, retrait\u00e9 (Cadre Lafarge Le Teil).<br>Corinne GUILLAUME LAFOND, 26470 La Charce (le Rossignol), 47 ans, agricultrice au Rossignol \u00e0 Comps.<br>Roger GRAS, la Patte, 57 ans, Directeur de l\u2019entreprise Viel Mouton \u00e0 Mont\u00e9limar et agriculteur.<br>Marianne CHARMIER, La Patte, 64 ans, retrait\u00e9e (\u00e9ducatrice sp\u00e9cialis\u00e9e).<br>Marie-Christine HOUVILLE, la Rassure, 65 ans, gestionnaire de pr\u00e9voyance \u00e0 la mutuelle Eovi \u00e0 Valence.<br>Samy RASPAIL, Grimolle, 54 ans, agriculteur.<br>Florian MAZOYER, 26220 Dieulefit (Saint Maurice), 39 ans, g\u00e9om\u00e8tre expert \u00e0 Valr\u00e9as.<\/p>\n\n\n\n<p><strong>Qui fait quoi ?<\/strong><\/p>\n\n\n\n<p><strong>Jean-Pierre FABRE Maire<\/strong><\/p>\n\n\n\n<p>Vice-Pr\u00e9sident de l\u2019Assainissement Non Collectif au Syndicat Intercommunal de l&rsquo;Eaux et de l&rsquo;Assainissement Dieulefit Bourdeaux.<br>A la Communaut\u00e9 de communes Dieulefit Bourdeaux D\u00e9l\u00e9gu\u00e9 titulaire en tant que maire, membre de la commission des d\u00e9chets.<\/p>\n\n\n\n<p><strong>Yannick TERROT Premier adjoint<\/strong><\/p>\n\n\n\n<p>Charg\u00e9 plus particuli\u00e8rement du domaine de la voirie, travaux, d\u00e9neigement et r\u00e9seau d\u2019eau.<br>Membre de la commission communale des Travaux<br>Membre de la commission communale du R\u00e9seau d\u2019eau<br>A la Communaut\u00e9 de communes Dieulefit Bourdeaux, d\u00e9l\u00e9gu\u00e9 suppl\u00e9ant en tant que Premier adjoint, membre de la commission Travaux-B\u00e2timents.<\/p>\n\n\n\n<p><strong>Myriam CORDEIL Deuxi\u00e8me adjointe<\/strong><\/p>\n\n\n\n<p>Responsable de la maintenance des B\u00e2timents communaux, charg\u00e9e plus particuli\u00e8rement de la location de la salle des f\u00eates et du Tennis.<br>D\u00e9l\u00e9gu\u00e9e suppl\u00e9ante au Syndicat Intercommunal de l&rsquo;Eau et de l&rsquo;Assainissement Dieulefit Bourdeaux<\/p>\n\n\n\n<p><strong>Juliette DEVDRED Conseill\u00e8re Municipale<\/strong><\/p>\n\n\n\n<p>Membre d\u00e9l\u00e9gu\u00e9e du Conseil Municipal de la commission de contr\u00f4le des listes \u00e9lectorales<br>A la Communaut\u00e9 de communes Dieulefit Bourdeaux, membre de la commission Enfance Jeunesse.<\/p>\n\n\n\n<p><strong>Marc ALEXANDRE Conseiller Municipal<\/strong><\/p>\n\n\n\n<p>Membre de la commission communale des travaux.<br>Membre de la commission communale du r\u00e9seau d\u2019eau.<br>Membre titulaire de la commission communale des imp\u00f4ts directs.<\/p>\n\n\n\n<p><strong>Corinne GUILLAUME LAFOND Conseill\u00e8re Municipale<\/strong><\/p>\n\n\n\n<div class=\"wp-block-group is-layout-flow wp-block-group-is-layout-flow\">\n<p><strong>Roger GRAS Conseiller Municipal<\/strong><\/p>\n\n\n\n<p>Membre de la commission communale des Travaux<br>Membre de la commission communale du R\u00e9seau d\u2019eau<br>A la Communaut\u00e9 de communes Dieulefit Bourdeaux, membre de la commission Agriculture.<\/p>\n<\/div>\n\n\n\n<p><br><strong>Marianne CHARMIER Conseill\u00e8re Municipale<\/strong><\/p>\n\n\n\n<p>A la Communaut\u00e9 de communes Dieulefit Bourdeaux, membre de la commission Culture et Solidarit\u00e9.<\/p>\n\n\n\n<p><br><strong>Marie-Christine HOUVILLE Conseill\u00e8re Municipale<\/strong><\/p>\n\n\n\n<p>Membre suppl\u00e9ante de la commission communale des imp\u00f4ts directs.<\/p>\n\n\n\n<p><strong><br>Samy RASPAIL Conseiller Municipal<\/strong><\/p>\n\n\n\n<p>Charg\u00e9 du d\u00e9neigement communal et pour partie d\u00e9partemental<\/p>\n\n\n\n<p><br><strong>Florian MAZOYER Conseiller Municipal<\/strong><\/p>\n\n\n\n<p>Membre de la commission communale des Travaux<br>Membre de la commission communale du R\u00e9seau d\u2019eau<br>A la Communaut\u00e9 de communes Dieulefit Bourdeaux, membre de la commission du d\u00e9veloppement \u00e9conomique, membre de la commission D\u00e9fi Climat.<\/p>\n","protected":false},"excerpt":{"rendered":"<p>Pr\u00e9sentation de L\u2019\u00e9quipe MunicipaleJean-Pierre FABRE, Les Bourets, 78 ans, retrait\u00e9 (chercheur \u00e0 l\u2019Institut National de la Recherche pour l\u2019agriculture, l\u2019alimentation et l\u2019environnement).Yannick TERROT, Chantebise, 47 [&#8230;]<\/p>\n","protected":false},"author":1,"featured_media":0,"comment_status":"open","ping_status":"open","sticky":false,"template":"","format":"standard","meta":{"footnotes":""},"categories":[6],"tags":[],"class_list":["post-76","post","type-post","status-publish","format-standard","hentry","category-conseil-municipal"],"_links":{"self":[{"href":"http:\/\/www.comps.fr\/index.php?rest_route=\/wp\/v2\/posts\/76","targetHints":{"allow":["GET"]}}],"collection":[{"href":"http:\/\/www.comps.fr\/index.php?rest_route=\/wp\/v2\/posts"}],"about":[{"href":"http:\/\/www.comps.fr\/index.php?rest_route=\/wp\/v2\/types\/post"}],"author":[{"embeddable":true,"href":"http:\/\/www.comps.fr\/index.php?rest_route=\/wp\/v2\/users\/1"}],"replies":[{"embeddable":true,"href":"http:\/\/www.comps.fr\/index.php?rest_route=%2Fwp%2Fv2%2Fcomments&post=76"}],"version-history":[{"count":3,"href":"http:\/\/www.comps.fr\/index.php?rest_route=\/wp\/v2\/posts\/76\/revisions"}],"predecessor-version":[{"id":83,"href":"http:\/\/www.comps.fr\/index.php?rest_route=\/wp\/v2\/posts\/76\/revisions\/83"}],"wp:attachment":[{"href":"http:\/\/www.comps.fr\/index.php?rest_route=%2Fwp%2Fv2%2Fmedia&parent=76"}],"wp:term":[{"taxonomy":"category","embeddable":true,"href":"http:\/\/www.comps.fr\/index.php?rest_route=%2Fwp%2Fv2%2Fcategories&post=76"},{"taxonomy":"post_tag","embeddable":true,"href":"http:\/\/www.comps.fr\/index.php?rest_route=%2Fwp%2Fv2%2Ftags&post=76"}],"curies":[{"name":"wp","href":"https:\/\/api.w.org\/{rel}","templated":true}]}}