{"id":462,"date":"2025-07-18T10:51:49","date_gmt":"2025-07-18T08:51:49","guid":{"rendered":"http:\/\/www.comps.fr\/?p=462"},"modified":"2025-07-23T16:49:20","modified_gmt":"2025-07-23T14:49:20","slug":"le-tour-de-france-a-comps","status":"publish","type":"post","link":"http:\/\/www.comps.fr\/?p=462","title":{"rendered":"Le Tour de France \u00e0 Comps"},"content":{"rendered":"\n<p>Passage de la 17\u00e8me \u00e9tape \u00ab Boll\u00e8ne-Valence \u00bb Mercredi 23 juillet<br>La 112\u00e8me \u00e9dition du Tour de France traversera la commune de Comps le mercredi 23<br>juillet prochain (arriv\u00e9e de Dieulefit par la route D\u00e9partementale 538 en direction de<br>Bourdeaux).<br><strong>\u27a2 Toute circulation des v\u00e9hicules sera interdite sur cette route de 12h \u00e0<br>16h ainsi que toute travers\u00e9e.<\/strong><br>\u27a2 Mercredi matin, nous proc\u00e8derons \u00e0 la fermeture de tous les acc\u00e8s donnant sur la<br>route D538 :<br>Acc\u00e8s habitation N\u00b0 4845 route D538 \u00ab Le Moulin \u00bb, acc\u00e8s Chemin de Brachet, acc\u00e8s<br>Chemin de la Patte, acc\u00e8s habitation N\u00b0 4015 route D538 \u00ab La Patte \u00bb, acc\u00e8s<br>habitation N\u00b0 3960 route D538 \u00ab Saint Maurice \u00bb, acc\u00e8s habitations N\u00b0 3730, 3740,<br>3742 route D538 \u00ab Saint Maurice \u00bb acc\u00e8s habitation N\u00b0 3445 route D538 \u00ab Les<br>M\u00e9sanges \u00bb, acc\u00e8s habitation N\u00b0 3395 route D538 \u00ab La Patte \u00bb, acc\u00e8s habitations N\u00b0<br>3595, 3597, 3599 route D538 \u00ab Le Haut de la Patte \u00bb, acc\u00e8s ferme N\u00b0 2545 route D538<br>\u00ab Le Chevristan \u00bb, acc\u00e8s habitations N\u00b0 2085 A, B, C, route D 538 \u00ab Le Collet \u00bb, acc\u00e8s<br>route D\u00e9partementale 191 \u00ab Ventebren \u00bb, acc\u00e8s Chemin du ch\u00e2teau, acc\u00e8s \u00ab Chemin<br>de Mauchamp \u00bb, acc\u00e8s habitations N\u00b0 440 A, B, route D 538 \u00ab Le Serre Combe<br>Turel \u00bb, acc\u00e8s habitation N\u00b0 400 route D 538 \u00ab Le Serre Combe Turel \u00bb acc\u00e8s<br>habitation N\u00b0 390 route D 538, \u00ab Le Serre Combe Turel \u00bb, acc\u00e8s habitation N\u00b0 315<br>route D 538 \u00ab Le Serre Combe Turel \u00bb.<br>\u27a2 Sur le trajet situ\u00e9 \u00e0 Comps aura lieu le franchissement du col du Pertuis de la quatri\u00e8me<br>cat\u00e9gorie au niveau du Collet. Pr\u00e9voir de ne pas stationner sur le parking acc\u00e8s<br>habitations N\u00b0 2085 A, B, C, route D 538 \u00ab Le Collet \u00bb. Un parking sera install\u00e9 \u00e0<br>Ventebren, sur la prairie, \u00e0 l\u2019embranchement entre la route D 538 et la route D 191.<br>Merci de prendre les mesures n\u00e9cessaires pour anticiper vos d\u00e9placements ce jour-l\u00e0.<br>Les pi\u00e9tons sont autoris\u00e9s \u00e0 se regrouper sur les bords du parcours pour assister \u00e0 la<br>course.<\/p>\n\n\n\n<div data-wp-interactive=\"core\/file\" class=\"wp-block-file\"><object data-wp-bind--hidden=\"!state.hasPdfPreview\" hidden class=\"wp-block-file__embed\" data=\"http:\/\/www.comps.fr\/wp-content\/uploads\/2025\/07\/Le-Tour-de-France-a-Comps.pdf\" type=\"application\/pdf\" style=\"width:100%;height:600px\" aria-label=\"Contenu embarqu\u00e9 Le Tour de France a Comps.\"><\/object><a id=\"wp-block-file--media-14e34162-4ca1-4958-9837-655ab480cf6a\" href=\"http:\/\/www.comps.fr\/wp-content\/uploads\/2025\/07\/Le-Tour-de-France-a-Comps.pdf\">Le Tour de France a Comps<\/a><a href=\"http:\/\/www.comps.fr\/wp-content\/uploads\/2025\/07\/Le-Tour-de-France-a-Comps.pdf\" class=\"wp-block-file__button wp-element-button\" download aria-describedby=\"wp-block-file--media-14e34162-4ca1-4958-9837-655ab480cf6a\">T\u00e9l\u00e9charger<\/a><\/div>\n\n\n\n<figure class=\"wp-block-image size-full\"><img loading=\"lazy\" decoding=\"async\" width=\"900\" height=\"980\" src=\"http:\/\/www.comps.fr\/wp-content\/uploads\/2025\/07\/tour-de-France-23-juillet-2025.jpg\" alt=\"\" class=\"wp-image-517\" srcset=\"http:\/\/www.comps.fr\/wp-content\/uploads\/2025\/07\/tour-de-France-23-juillet-2025.jpg 900w, http:\/\/www.comps.fr\/wp-content\/uploads\/2025\/07\/tour-de-France-23-juillet-2025-276x300.jpg 276w, http:\/\/www.comps.fr\/wp-content\/uploads\/2025\/07\/tour-de-France-23-juillet-2025-768x836.jpg 768w\" sizes=\"auto, (max-width: 900px) 100vw, 900px\" \/><\/figure>\n","protected":false},"excerpt":{"rendered":"<p>Passage de la 17\u00e8me \u00e9tape \u00ab Boll\u00e8ne-Valence \u00bb Mercredi 23 juilletLa 112\u00e8me \u00e9dition du Tour de France traversera la commune de Comps le mercredi 23juillet [&#8230;]<\/p>\n","protected":false},"author":2,"featured_media":463,"comment_status":"open","ping_status":"open","sticky":false,"template":"","format":"standard","meta":{"footnotes":""},"categories":[5],"tags":[],"class_list":["post-462","post","type-post","status-publish","format-standard","has-post-thumbnail","hentry","category-accueil"],"_links":{"self":[{"href":"http:\/\/www.comps.fr\/index.php?rest_route=\/wp\/v2\/posts\/462","targetHints":{"allow":["GET"]}}],"collection":[{"href":"http:\/\/www.comps.fr\/index.php?rest_route=\/wp\/v2\/posts"}],"about":[{"href":"http:\/\/www.comps.fr\/index.php?rest_route=\/wp\/v2\/types\/post"}],"author":[{"embeddable":true,"href":"http:\/\/www.comps.fr\/index.php?rest_route=\/wp\/v2\/users\/2"}],"replies":[{"embeddable":true,"href":"http:\/\/www.comps.fr\/index.php?rest_route=%2Fwp%2Fv2%2Fcomments&post=462"}],"version-history":[{"count":3,"href":"http:\/\/www.comps.fr\/index.php?rest_route=\/wp\/v2\/posts\/462\/revisions"}],"predecessor-version":[{"id":519,"href":"http:\/\/www.comps.fr\/index.php?rest_route=\/wp\/v2\/posts\/462\/revisions\/519"}],"wp:featuredmedia":[{"embeddable":true,"href":"http:\/\/www.comps.fr\/index.php?rest_route=\/wp\/v2\/media\/463"}],"wp:attachment":[{"href":"http:\/\/www.comps.fr\/index.php?rest_route=%2Fwp%2Fv2%2Fmedia&parent=462"}],"wp:term":[{"taxonomy":"category","embeddable":true,"href":"http:\/\/www.comps.fr\/index.php?rest_route=%2Fwp%2Fv2%2Fcategories&post=462"},{"taxonomy":"post_tag","embeddable":true,"href":"http:\/\/www.comps.fr\/index.php?rest_route=%2Fwp%2Fv2%2Ftags&post=462"}],"curies":[{"name":"wp","href":"https:\/\/api.w.org\/{rel}","templated":true}]}}