{"id":448,"date":"2025-08-05T15:47:03","date_gmt":"2025-08-05T13:47:03","guid":{"rendered":"http:\/\/www.comps.fr\/?p=448"},"modified":"2025-08-05T15:54:59","modified_gmt":"2025-08-05T13:54:59","slug":"notre-blason-communal","status":"publish","type":"post","link":"http:\/\/www.comps.fr\/?p=448","title":{"rendered":"Notre blason communal"},"content":{"rendered":"\n<p>Depuis un certain temps nous avions l&rsquo;intention d&rsquo;acqu\u00e9rir un blason repr\u00e9sentatif de notre commune. Nous avons pr\u00e9f\u00e9r\u00e9 travailler sur un blason plut\u00f4t qu&rsquo;un logo. L&rsquo;existence d&rsquo;un blason familial ayant appartenu \u00e0 la famille \u00ab de Comps \u00bb originaire du Dauphin\u00e9 nous a fortement motiv\u00e9s. Tous les g\u00e9n\u00e9alogistes rattachent cette famille \u00e0 la famille de Vesc qui elle a laiss\u00e9 de nombreuses traces sur notre commune. En effet, on trouve \u00e0 Comps trois blasons ayant appartenus aux seigneurs de Vesc coseigneurs de Dieulefit. Deux sont sculpt\u00e9s sur les murs du ch\u00e2teau et un est peint en plusieurs exemplaires sur les murs de l&rsquo;\u00e9glise (litre fun\u00e9raire).<\/p>\n\n\n\n<figure class=\"wp-block-image size-large\"><img loading=\"lazy\" decoding=\"async\" width=\"1024\" height=\"442\" src=\"http:\/\/www.comps.fr\/wp-content\/uploads\/2025\/07\/blason-image1-1024x442.jpg\" alt=\"\" class=\"wp-image-454\" srcset=\"http:\/\/www.comps.fr\/wp-content\/uploads\/2025\/07\/blason-image1-1024x442.jpg 1024w, http:\/\/www.comps.fr\/wp-content\/uploads\/2025\/07\/blason-image1-300x130.jpg 300w, http:\/\/www.comps.fr\/wp-content\/uploads\/2025\/07\/blason-image1-768x332.jpg 768w, http:\/\/www.comps.fr\/wp-content\/uploads\/2025\/07\/blason-image1-1536x663.jpg 1536w, http:\/\/www.comps.fr\/wp-content\/uploads\/2025\/07\/blason-image1-2048x884.jpg 2048w, http:\/\/www.comps.fr\/wp-content\/uploads\/2025\/07\/blason-image1-1800x777.jpg 1800w\" sizes=\"auto, (max-width: 1024px) 100vw, 1024px\" \/><\/figure>\n\n\n\n<div class=\"wp-block-columns is-layout-flex wp-container-core-columns-is-layout-9d6595d7 wp-block-columns-is-layout-flex\">\n<div class=\"wp-block-column is-layout-flow wp-block-column-is-layout-flow\" style=\"flex-basis:100%\">\n<div class=\"wp-block-media-text is-stacked-on-mobile\" style=\"grid-template-columns:30% auto\"><figure class=\"wp-block-media-text__media\"><img loading=\"lazy\" decoding=\"async\" width=\"663\" height=\"1024\" src=\"http:\/\/www.comps.fr\/wp-content\/uploads\/2025\/07\/blason-image2-663x1024.jpg\" alt=\"\" class=\"wp-image-456 size-full\" srcset=\"http:\/\/www.comps.fr\/wp-content\/uploads\/2025\/07\/blason-image2-663x1024.jpg 663w, http:\/\/www.comps.fr\/wp-content\/uploads\/2025\/07\/blason-image2-194x300.jpg 194w, http:\/\/www.comps.fr\/wp-content\/uploads\/2025\/07\/blason-image2-768x1187.jpg 768w, http:\/\/www.comps.fr\/wp-content\/uploads\/2025\/07\/blason-image2-994x1536.jpg 994w, http:\/\/www.comps.fr\/wp-content\/uploads\/2025\/07\/blason-image2.jpg 1100w\" sizes=\"auto, (max-width: 663px) 100vw, 663px\" \/><\/figure><div class=\"wp-block-media-text__content\">\n<p>Apr\u00e8s avoir pris les renseignements n\u00e9cessaires pour que la municipalit\u00e9 puisse devenir propri\u00e9taire d&rsquo;un blason, il nous a paru opportun de faire appel \u00e0 un sp\u00e9cialiste. En France, \u00e0 peine une petite dizaine de H\u00e9raldistes sont vraiment capables de cr\u00e9er un blason. Apr\u00e8s en avoir contact\u00e9 plusieurs, nous avons d\u00e9cid\u00e9 de confier cette t\u00e2che \u00e0 Monsieur Fr\u00e9d\u00e9ric Luz, \u00e0 Saint-Hilaire, 81300 Graulhet. Apr\u00e8s lui avoir communiqu\u00e9 tous les \u00e9l\u00e9ments bibliographiques dont nous disposions, ce dernier nous a fait plusieurs propositions. <\/p>\n<\/div><\/div>\n<\/div>\n<\/div>\n\n\n\n<p><br>Finalement, le 17 avril 2012, le Conseil Municipal de Comps a pris la d\u00e9lib\u00e9ration N\u00b0 2012-04 permettant d&rsquo;acqu\u00e9rir ce blason. Ce blason est d\u00e9crit comme suit : <strong>d&rsquo;or \u00e0 l&rsquo;aigle \u00e9chiquet\u00e9e de sable et d&rsquo;argent, au chef pal\u00e9 d&rsquo;azur et d&rsquo;argent de six pi\u00e8ces.<\/strong><\/p>\n\n\n\n<p>Il sera utilis\u00e9 par la mairie qui en est le propri\u00e9taire, de quelque mani\u00e8re que ce soit. Tout autre usager potentiel (personne physique ou morale) qui souhaiterait l&rsquo;utiliser devra en faire la demande \u00e9crite \u00e0 la mairie en d\u00e9taillant l&rsquo;objet de sa demande et en particulier les implications financi\u00e8res. Une convention \u00e9crite entre les deux parties pr\u00e9cisera les modalit\u00e9s de cette utilisation.<\/p>\n\n\n\n<p>Il a \u00e9t\u00e9 publi\u00e9 dans l&rsquo;armorial de France et d&rsquo;Europe, publication dirig\u00e9e par F.Luz avec d\u00e9p\u00f4t l\u00e9gal \u00e0 la Biblioth\u00e8que nationale de France, <a href=\"https:\/\/www.blasons-armoiries.eu\/armoiries-communales\/\">https:\/\/www.blasonsarmoiries.eu\/enregistrement-d-armoiries\/<\/a>,<br><a href=\"https:\/\/armorialdefrance.fr\/page_blason.php?ville=8316\">https:\/\/armorialdefrance.fr\/page_blason.php?ville=8316<\/a><\/p>\n\n\n\n<p>Ce blason permet de mettre en \u00e9vidence deux familles qui ont jou\u00e9 un r\u00f4le important sur notre commune.<br><strong><mark style=\"background-color:#e8e847\" class=\"has-inline-color\">La famille de COMPS<\/mark><\/strong> (aigle \u00e9chiquet\u00e9e, partie inf\u00e9rieure du blason) qui s&rsquo;est illustr\u00e9e par au moins trois personnages importants :<\/p>\n\n\n\n<p><strong>1. Odon de Comps.<\/strong> Il a fait partie de la premi\u00e8re croisade en 1095 pour reconqu\u00e9rir les lieux saints \u00e0 J\u00e9rusalem.<\/p>\n\n\n\n<div class=\"wp-block-media-text is-stacked-on-mobile is-vertically-aligned-top\" style=\"grid-template-columns:22% auto\"><figure class=\"wp-block-media-text__media\"><img loading=\"lazy\" decoding=\"async\" width=\"534\" height=\"1024\" src=\"http:\/\/www.comps.fr\/wp-content\/uploads\/2025\/07\/blason-image3-Arnaud-de-Comps2-534x1024.jpg\" alt=\"\" class=\"wp-image-488 size-full\" srcset=\"http:\/\/www.comps.fr\/wp-content\/uploads\/2025\/07\/blason-image3-Arnaud-de-Comps2-534x1024.jpg 534w, http:\/\/www.comps.fr\/wp-content\/uploads\/2025\/07\/blason-image3-Arnaud-de-Comps2-156x300.jpg 156w, http:\/\/www.comps.fr\/wp-content\/uploads\/2025\/07\/blason-image3-Arnaud-de-Comps2.jpg 730w\" sizes=\"auto, (max-width: 534px) 100vw, 534px\" \/><\/figure><div class=\"wp-block-media-text__content\">\n<p><strong>2. Arnaud de Comps<\/strong>. Il a \u00e9t\u00e9 le 4e grand ma\u00eetre des Hospitaliers de l&rsquo;ordre (catholique) de Saint-Jean de J\u00e9rusalem pendant une tr\u00e8s courte p\u00e9riode, de mars 1162 \u00e0 janvier 1163. Il s&rsquo;agit de L&rsquo;ordre des Hospitaliers de Saint-Jean de J\u00e9rusalem, de Rhodes et de Malte (appellation compl\u00e8te). Son origine remonterait au XIe si\u00e8cle dans l&rsquo;installation de marchands amalfitains \u00e0 J\u00e9rusalem puis dans la cr\u00e9ation d&rsquo;h\u00f4pitaux en Terre sainte (d&rsquo;o\u00f9 le nom d&rsquo;Hospitalier). <\/p>\n\n\n\n<p><\/p>\n<\/div><\/div>\n\n\n\n<p>\u00c0 l&rsquo;image des Templiers, il devient militaire en plus d&rsquo;\u00eatre hospitalier pour d\u00e9fendre d&rsquo;abord les p\u00e8lerins malades dans les h\u00f4pitaux de l&rsquo;ordre puis pour combattre les sarrasins. Sur le portrait d&rsquo;Arnaud de Comps, on aper\u00e7oit les armes de l&rsquo;Ordre de Saint Jean de J\u00e9rusalem.Sous son portrait, on aper\u00e7oit un blason simple avec comme pi\u00e8ce honorable les armes de la religion. Par ailleurs, Arnaud portait un blason \u00ab De gueules \u00e0 une aigle \u00e9chiquet\u00e9e d&rsquo;argent et de sable, le vol abaiss\u00e9\u00bb. Ce sont les armes de la maison de Comps en Dauphin\u00e9.<\/p>\n\n\n\n<div class=\"wp-block-media-text is-stacked-on-mobile is-vertically-aligned-top\" style=\"grid-template-columns:22% auto\"><figure class=\"wp-block-media-text__media\"><img loading=\"lazy\" decoding=\"async\" width=\"534\" height=\"1024\" src=\"http:\/\/www.comps.fr\/wp-content\/uploads\/2025\/07\/blason-image4-Bertrand-de-Comps3-534x1024.jpg\" alt=\"\" class=\"wp-image-489 size-full\" srcset=\"http:\/\/www.comps.fr\/wp-content\/uploads\/2025\/07\/blason-image4-Bertrand-de-Comps3-534x1024.jpg 534w, http:\/\/www.comps.fr\/wp-content\/uploads\/2025\/07\/blason-image4-Bertrand-de-Comps3-156x300.jpg 156w, http:\/\/www.comps.fr\/wp-content\/uploads\/2025\/07\/blason-image4-Bertrand-de-Comps3.jpg 730w\" sizes=\"auto, (max-width: 534px) 100vw, 534px\" \/><\/figure><div class=\"wp-block-media-text__content\">\n<p><strong>3. Bertrand de Comps<\/strong>. Tout d&rsquo;abord,\u00ab fr\u00e8re\u00bb \u00e0 J\u00e9rusalem (1216), puis prieur \u00e0 Saint-Gilles dans le Gard (1231-1234 et probablement jusqu&rsquo;en1236). A cette \u00e9poque Saint-Gilles d\u00e9pendait du bas Dauphin\u00e9. Le prieur\u00e9 d\u00e9pendait lui des hospitaliers de J\u00e9rusalem. Saint-Gilles \u00e9tait \u00e0 l&rsquo;\u00e9poque en bordure de mer l\u00e0 o\u00f9 les crois\u00e9s s&#8217;embarquaient pour J\u00e9rusalem. Bertrand fut ensuite le 17e grand ma\u00eetre des Hospitaliers de Saint-Jean de J\u00e9rusalem. <br><\/p>\n<\/div><\/div>\n\n\n\n<p>\u00c9lu grand ma\u00eetre en 1236 il mourut en mai 1239, mais on trouve aussi la date de 1241 et m\u00eame 1242. Sous le portrait, un blason compos\u00e9, parti et coup\u00e9, avec comme pi\u00e8ce honorable.\u00ab l&rsquo;aigle \u00e9chiquet\u00e9e\u00bb et \u00e9videmment la \u00ab Croix \u00bb. Bertrand portait un blason \u00ab De gueules \u00e0 une aigle, au vol abaiss\u00e9, \u00e9chiquet\u00e9e d&rsquo;argent et de sable\u00bb. Il \u00e9tait de la m\u00eame maison qu&rsquo;Arnaud de Comps, dont nous venons de parler.<br><\/p>\n\n\n\n<p>La famille des Comps s&rsquo;\u00e9teignit au Xlll\u00e8me et la derni\u00e8re h\u00e9riti\u00e8re s&rsquo;allia par le mariage vers 1230 avec Dalmas 1er de Vesc, Seigneur de Vesc et Coseigneur de Dieulefit.<\/p>\n\n\n\n<div class=\"wp-block-media-text is-stacked-on-mobile is-vertically-aligned-top\" style=\"grid-template-columns:25% auto\"><figure class=\"wp-block-media-text__media\"><img loading=\"lazy\" decoding=\"async\" width=\"832\" height=\"958\" src=\"http:\/\/www.comps.fr\/wp-content\/uploads\/2025\/07\/blason-image5-Vesc.jpg\" alt=\"\" class=\"wp-image-492 size-full\" srcset=\"http:\/\/www.comps.fr\/wp-content\/uploads\/2025\/07\/blason-image5-Vesc.jpg 832w, http:\/\/www.comps.fr\/wp-content\/uploads\/2025\/07\/blason-image5-Vesc-261x300.jpg 261w, http:\/\/www.comps.fr\/wp-content\/uploads\/2025\/07\/blason-image5-Vesc-768x884.jpg 768w\" sizes=\"auto, (max-width: 832px) 100vw, 832px\" \/><\/figure><div class=\"wp-block-media-text__content\">\n<p><strong><mark style=\"background-color:#0693e3\" class=\"has-inline-color\">La famille de VESC ou de VA\u00cbSC<\/mark><\/strong> (pal d&rsquo;azur et d&rsquo;argent de 6 pi\u00e8ces, partie sup\u00e9rieure de notre blason) a donc elle aussi jou\u00e9 un r\u00f4le important sur notre commune \u00e0 partir de 1280. La g\u00e9n\u00e9alogie de cette famille est maintenant bien \u00e9tablie (Patricia Carlier).<\/p>\n<\/div><\/div>\n\n\n\n<p>Au total 15 g\u00e9n\u00e9rations se sont succ\u00e9d\u00e9es jusqu&rsquo;en 1726, date de la mort d&rsquo;Antoine de Vesc, la plupart \u00e9taient seigneur de Comps et coseigneurs de Dieulefit et certains des Blacons. Cette branche concerne donc \u00e9videmment Vesc mais aussi Dieulefit comme le rappelle leur blason adopt\u00e9 en 1946 (on le trouve, place Chateauras au-dessus du bureau de tabac ou devant la mairie). Pr\u00e8s de chez nous, on les retrouve aussi \u00e0 Montjoux (pr\u00e9sence des armoiries au ch\u00e2teau) et \u00e0 B\u00e9conne mais aussi un peu plus loin et finalement dans tout le sud-est de la France.<\/p>\n\n\n\n<div class=\"wp-block-media-text is-stacked-on-mobile\" style=\"grid-template-columns:41% auto\"><figure class=\"wp-block-media-text__media\"><img loading=\"lazy\" decoding=\"async\" width=\"1024\" height=\"577\" src=\"http:\/\/www.comps.fr\/wp-content\/uploads\/2025\/07\/blason-image6-baniere2-1024x577.jpg\" alt=\"\" class=\"wp-image-496 size-full\" srcset=\"http:\/\/www.comps.fr\/wp-content\/uploads\/2025\/07\/blason-image6-baniere2-1024x577.jpg 1024w, http:\/\/www.comps.fr\/wp-content\/uploads\/2025\/07\/blason-image6-baniere2-300x169.jpg 300w, http:\/\/www.comps.fr\/wp-content\/uploads\/2025\/07\/blason-image6-baniere2-768x433.jpg 768w, http:\/\/www.comps.fr\/wp-content\/uploads\/2025\/07\/blason-image6-baniere2-1536x865.jpg 1536w, http:\/\/www.comps.fr\/wp-content\/uploads\/2025\/07\/blason-image6-baniere2.jpg 1640w\" sizes=\"auto, (max-width: 1024px) 100vw, 1024px\" \/><\/figure><div class=\"wp-block-media-text__content\">\n<p>Jusqu&rsquo;\u00e0 pr\u00e9sent, la municipalit\u00e9 utilise ce blason dans la correspondance avec un listel explicatif \u00ab Comps en Dr\u00f4me proven\u00e7ale \u00bb pour \u00e9viter toute confusion avec les autres Comps en France. Nous l&rsquo;avons aussi utilis\u00e9 en partenariat avec l&rsquo;association Comps Animation sur des tee-shirts pour la f\u00eate des Comps de France.<\/p>\n<\/div><\/div>\n\n\n\n<div data-wp-interactive=\"core\/file\" class=\"wp-block-file\"><object data-wp-bind--hidden=\"!state.hasPdfPreview\" hidden class=\"wp-block-file__embed\" data=\"http:\/\/www.comps.fr\/wp-content\/uploads\/2025\/07\/Le-Blason-communal.pdf\" type=\"application\/pdf\" style=\"width:100%;height:600px\" aria-label=\"Contenu embarqu\u00e9 Le Blason communal.\"><\/object><a id=\"wp-block-file--media-80f24dcb-4885-431c-a706-1b8720ef615b\" href=\"http:\/\/www.comps.fr\/wp-content\/uploads\/2025\/07\/Le-Blason-communal.pdf\" target=\"_blank\" rel=\"noreferrer noopener\">Le Blason communal<\/a><a href=\"http:\/\/www.comps.fr\/wp-content\/uploads\/2025\/07\/Le-Blason-communal.pdf\" class=\"wp-block-file__button wp-element-button\" download aria-describedby=\"wp-block-file--media-80f24dcb-4885-431c-a706-1b8720ef615b\">T\u00e9l\u00e9charger<\/a><\/div>\n","protected":false},"excerpt":{"rendered":"<p>Depuis un certain temps nous avions l&rsquo;intention d&rsquo;acqu\u00e9rir un blason repr\u00e9sentatif de notre commune. Nous avons pr\u00e9f\u00e9r\u00e9 travailler sur un blason plut\u00f4t qu&rsquo;un logo. L&rsquo;existence [&#8230;]<\/p>\n","protected":false},"author":2,"featured_media":504,"comment_status":"open","ping_status":"open","sticky":false,"template":"","format":"standard","meta":{"footnotes":""},"categories":[23],"tags":[],"class_list":["post-448","post","type-post","status-publish","format-standard","has-post-thumbnail","hentry","category-le-patrimoine-historique"],"_links":{"self":[{"href":"http:\/\/www.comps.fr\/index.php?rest_route=\/wp\/v2\/posts\/448","targetHints":{"allow":["GET"]}}],"collection":[{"href":"http:\/\/www.comps.fr\/index.php?rest_route=\/wp\/v2\/posts"}],"about":[{"href":"http:\/\/www.comps.fr\/index.php?rest_route=\/wp\/v2\/types\/post"}],"author":[{"embeddable":true,"href":"http:\/\/www.comps.fr\/index.php?rest_route=\/wp\/v2\/users\/2"}],"replies":[{"embeddable":true,"href":"http:\/\/www.comps.fr\/index.php?rest_route=%2Fwp%2Fv2%2Fcomments&post=448"}],"version-history":[{"count":39,"href":"http:\/\/www.comps.fr\/index.php?rest_route=\/wp\/v2\/posts\/448\/revisions"}],"predecessor-version":[{"id":503,"href":"http:\/\/www.comps.fr\/index.php?rest_route=\/wp\/v2\/posts\/448\/revisions\/503"}],"wp:featuredmedia":[{"embeddable":true,"href":"http:\/\/www.comps.fr\/index.php?rest_route=\/wp\/v2\/media\/504"}],"wp:attachment":[{"href":"http:\/\/www.comps.fr\/index.php?rest_route=%2Fwp%2Fv2%2Fmedia&parent=448"}],"wp:term":[{"taxonomy":"category","embeddable":true,"href":"http:\/\/www.comps.fr\/index.php?rest_route=%2Fwp%2Fv2%2Fcategories&post=448"},{"taxonomy":"post_tag","embeddable":true,"href":"http:\/\/www.comps.fr\/index.php?rest_route=%2Fwp%2Fv2%2Ftags&post=448"}],"curies":[{"name":"wp","href":"https:\/\/api.w.org\/{rel}","templated":true}]}}