{"id":401,"date":"2025-05-04T18:22:48","date_gmt":"2025-05-04T16:22:48","guid":{"rendered":"https:\/\/www.comps.fr\/?p=401"},"modified":"2025-05-04T18:29:40","modified_gmt":"2025-05-04T16:29:40","slug":"invitations-dimanche-18-mai-1-comps-animation-repas-partage-et-concours-de-salades-composees-2-le-maire-et-son-conseil-inauguration-par-les-compsois-de-la-mairie-restauree","status":"publish","type":"post","link":"http:\/\/www.comps.fr\/?p=401","title":{"rendered":"Invitations DIMANCHE 18 mai : 1. Comps Animation : Repas Partag\u00e9 et Concours De Salades Compos\u00e9es 2. le maire et son conseil : Inauguration par les Compsois de la mairie restaur\u00e9e"},"content":{"rendered":"\n<blockquote class=\"wp-block-quote is-layout-flow wp-block-quote-is-layout-flow\">\n<p>Bonjour,<\/p>\n\n\n\n<p>Nous&nbsp;avons le plaisir de vous convier, le dimanche 18 mai :<\/p>\n\n\n\n<p>\u00e0 11h30 : inauguration de la Mairie par les Compsois,&nbsp;<strong>ap\u00e9ritif offert.<\/strong><\/p>\n\n\n\n<p>et \u00e0 12h30 : devant la salle des f\u00eates \u00e0 un repas partag\u00e9.<\/p>\n\n\n\n<p><br>&nbsp;<strong>Chacun apportera sa, ou ses sp\u00e9cialit\u00e9s, sal\u00e9es ou sucr\u00e9es, ainsi que ses couverts, assiettes et verres.<\/strong><\/p>\n\n\n\n<p>L\u2019\u00e9quipe municipale vous offrira l\u2019ap\u00e9ritif, et l\u2019association Comps Animation se chargera de la mise en place des tables et chaises et vous offrira le vin et le caf\u00e9 (ou autres boissons chaudes).<\/p>\n\n\n\n<p>N\u2019h\u00e9sitez pas \u00e0 apporter vos jeux de soci\u00e9t\u00e9 ou de plein air, afin de poursuivre l\u2019apr\u00e8s-midi en toute convivialit\u00e9.<\/p>\n\n\n\n<p>Venez nombreux !<\/p>\n\n\n\n<p><em>NB : En cas de mauvais temps, le repli se fera dans la salle des f\u00eates.<\/em><em><\/em><\/p>\n\n\n\n<p><em>Tr\u00e8s cordialement.<\/em><\/p>\n\n\n\n<p><em>Toute l<\/em><em>&lsquo;\u00e9quipe de&nbsp;Comps&nbsp;Animation<\/em><\/p>\n\n\n\n<p>Pour une meilleure organisation, nous vous remercions de nous faire part de vos intentions en remplissant le <strong>Bulletin&nbsp;de&nbsp;r\u00e9servation :&nbsp;<\/strong>\u00e0 d\u00e9poser dans la boite aux lettres de l\u2019Association, \u00e0 la Mairie de Comps, ou par mail , ou t\u00e9l\u00e9phoner \u00e0 Sylviane.<\/p>\n\n\n\n<p><strong><em>R\u00e9ponse souhait\u00e9e avant le lundi 12 mai 2025&#8230;&#8230;.<\/em><\/strong><\/p>\n\n\n\n<p><strong>Nom et pr\u00e9nom :<\/strong><\/p>\n\n\n\n<p><strong>Nombre de personnes<\/strong>&nbsp;pr\u00e9sentes au repas (pr\u00e9cisez dont nombre d\u2019enfants) :<\/p>\n\n\n\n<p><strong>Nous apporterons :<\/strong><\/p>\n\n\n\n<p>Du sucr\u00e9 :&nbsp;\u00a3<\/p>\n\n\n\n<p>Du sal\u00e9 :&nbsp;\u00a3<\/p>\n\n\n\n<p>Une salade compos\u00e9e pour le concours :&nbsp;\u00a3<\/p>\n\n\n\n<p>Nom de la salade qui sera pr\u00e9sent\u00e9e :<\/p>\n\n\n\n<p>Autre&nbsp;<em>(\u00e0 pr\u00e9ciser obligatoirement si coch\u00e9)<\/em>&nbsp;:&nbsp;\u00a3<\/p>\n\n\n\n<p><em>(Cochez la case souhait\u00e9e, et merci de pr\u00e9ciser dans la mesure du possible)<\/em><\/p>\n\n\n<\/blockquote>\n\n\n\n<p><a href=\"http:\/\/compsanimation26.free.fr\/?Un-repas-partage-avec-un-concours,94\" data-type=\"link\" data-id=\"http:\/\/compsanimation26.free.fr\/?Un-repas-partage-avec-un-concours,94\">R\u00e8glement du concours de salades compos\u00e9es<\/a><\/p>\n","protected":false},"excerpt":{"rendered":"<p>Bonjour, Nous&nbsp;avons le plaisir de vous convier, le dimanche 18 mai : \u00e0 11h30 : inauguration de la Mairie par les Compsois,&nbsp;ap\u00e9ritif offert. et \u00e0 [&#8230;]<\/p>\n","protected":false},"author":2,"featured_media":405,"comment_status":"open","ping_status":"open","sticky":false,"template":"","format":"standard","meta":{"footnotes":""},"categories":[5],"tags":[17],"class_list":["post-401","post","type-post","status-publish","format-standard","has-post-thumbnail","hentry","category-accueil","tag-comps-animation"],"_links":{"self":[{"href":"http:\/\/www.comps.fr\/index.php?rest_route=\/wp\/v2\/posts\/401","targetHints":{"allow":["GET"]}}],"collection":[{"href":"http:\/\/www.comps.fr\/index.php?rest_route=\/wp\/v2\/posts"}],"about":[{"href":"http:\/\/www.comps.fr\/index.php?rest_route=\/wp\/v2\/types\/post"}],"author":[{"embeddable":true,"href":"http:\/\/www.comps.fr\/index.php?rest_route=\/wp\/v2\/users\/2"}],"replies":[{"embeddable":true,"href":"http:\/\/www.comps.fr\/index.php?rest_route=%2Fwp%2Fv2%2Fcomments&post=401"}],"version-history":[{"count":6,"href":"http:\/\/www.comps.fr\/index.php?rest_route=\/wp\/v2\/posts\/401\/revisions"}],"predecessor-version":[{"id":409,"href":"http:\/\/www.comps.fr\/index.php?rest_route=\/wp\/v2\/posts\/401\/revisions\/409"}],"wp:featuredmedia":[{"embeddable":true,"href":"http:\/\/www.comps.fr\/index.php?rest_route=\/wp\/v2\/media\/405"}],"wp:attachment":[{"href":"http:\/\/www.comps.fr\/index.php?rest_route=%2Fwp%2Fv2%2Fmedia&parent=401"}],"wp:term":[{"taxonomy":"category","embeddable":true,"href":"http:\/\/www.comps.fr\/index.php?rest_route=%2Fwp%2Fv2%2Fcategories&post=401"},{"taxonomy":"post_tag","embeddable":true,"href":"http:\/\/www.comps.fr\/index.php?rest_route=%2Fwp%2Fv2%2Ftags&post=401"}],"curies":[{"name":"wp","href":"https:\/\/api.w.org\/{rel}","templated":true}]}}