{"id":393,"date":"2025-04-23T22:24:21","date_gmt":"2025-04-23T20:24:21","guid":{"rendered":"https:\/\/www.comps.fr\/?p=393"},"modified":"2025-04-23T22:24:21","modified_gmt":"2025-04-23T20:24:21","slug":"__trashed","status":"publish","type":"post","link":"http:\/\/www.comps.fr\/?p=393","title":{"rendered":"Comps Environnement Pr\u00e9serv\u00e9"},"content":{"rendered":"\n<p><\/p>\n\n\n\n<p>Cette association a pour objet la d\u00e9fense du cadre naturel de Comps dans la Dr\u00f4me (26)<\/p>\n\n\n\n<p>L\u2019association, consid\u00e9rant :<\/p>\n\n\n\n<p>. que la commune de COMPS (Dr\u00f4me) est situ\u00e9e dans une zone naturelle de moyenne montagne, entre 465 m\u00e8tres et 959 m\u00e8tres d\u2019altitude, qui favorise la pr\u00e9sence d\u2019une faune et d\u2019une flore de grand int\u00e9r\u00eat, et abrite sources et rivi\u00e8res.<\/p>\n\n\n\n<p>. qu\u2019elle a une vocation exclusivement agricole et foresti\u00e8re, principalement tourn\u00e9e vers l\u2019\u00e9levage,<\/p>\n\n\n\n<ul class=\"wp-block-list\">\n<li>que les \u00e9quilibres qui s\u2019y concilient, dans un contexte de transition climatique, pourraient s&rsquo;av\u00e9rer fragilis\u00e9s se donne pour objet :<\/li>\n<\/ul>\n\n\n\n<p>De sauvegarder et prot\u00e9ger les sites naturels de la commune de COMPS (Dr\u00f4me),<br>De r\u00e9guler l\u2019impact \u00e9cologique des projets de d\u00e9veloppement du territoire<br>Enfin de pr\u00e9server la qualit\u00e9 de vie des personnes qui y r\u00e9sident en consid\u00e9ration de cette vocation \u00e9cologique.<br>En cons\u00e9quence, l\u2019association, qui ne poursuit aucun but lucratif, peut faire toutes op\u00e9rations se rapportant directement ou indirectement \u00e0 cet objet ou susceptibles d\u2019en faciliter la r\u00e9alisation.<\/p>\n\n\n\n<figure class=\"wp-block-image aligncenter size-full\"><img loading=\"lazy\" decoding=\"async\" width=\"600\" height=\"354\" src=\"https:\/\/www.comps.fr\/wp-content\/uploads\/2025\/04\/CompsEnvironement.jpg\" alt=\"\" class=\"wp-image-394\" srcset=\"http:\/\/www.comps.fr\/wp-content\/uploads\/2025\/04\/CompsEnvironement.jpg 600w, http:\/\/www.comps.fr\/wp-content\/uploads\/2025\/04\/CompsEnvironement-300x177.jpg 300w\" sizes=\"auto, (max-width: 600px) 100vw, 600px\" \/><\/figure>\n\n\n\n<p class=\"has-text-align-center\">Comps Environnement Pr\u00e9serv\u00e9<br>Mairie de Comps<br>8 place de la Libert\u00e9<br>26220 COMPS<\/p>\n","protected":false},"excerpt":{"rendered":"<p>Cette association a pour objet la d\u00e9fense du cadre naturel de Comps dans la Dr\u00f4me (26) L\u2019association, consid\u00e9rant : . que la commune de COMPS [&#8230;]<\/p>\n","protected":false},"author":2,"featured_media":0,"comment_status":"open","ping_status":"open","sticky":false,"template":"","format":"standard","meta":{"footnotes":""},"categories":[14],"tags":[19],"class_list":["post-393","post","type-post","status-publish","format-standard","hentry","category-vieassociative","tag-comps-environnement-preserve"],"_links":{"self":[{"href":"http:\/\/www.comps.fr\/index.php?rest_route=\/wp\/v2\/posts\/393","targetHints":{"allow":["GET"]}}],"collection":[{"href":"http:\/\/www.comps.fr\/index.php?rest_route=\/wp\/v2\/posts"}],"about":[{"href":"http:\/\/www.comps.fr\/index.php?rest_route=\/wp\/v2\/types\/post"}],"author":[{"embeddable":true,"href":"http:\/\/www.comps.fr\/index.php?rest_route=\/wp\/v2\/users\/2"}],"replies":[{"embeddable":true,"href":"http:\/\/www.comps.fr\/index.php?rest_route=%2Fwp%2Fv2%2Fcomments&post=393"}],"version-history":[{"count":1,"href":"http:\/\/www.comps.fr\/index.php?rest_route=\/wp\/v2\/posts\/393\/revisions"}],"predecessor-version":[{"id":395,"href":"http:\/\/www.comps.fr\/index.php?rest_route=\/wp\/v2\/posts\/393\/revisions\/395"}],"wp:attachment":[{"href":"http:\/\/www.comps.fr\/index.php?rest_route=%2Fwp%2Fv2%2Fmedia&parent=393"}],"wp:term":[{"taxonomy":"category","embeddable":true,"href":"http:\/\/www.comps.fr\/index.php?rest_route=%2Fwp%2Fv2%2Fcategories&post=393"},{"taxonomy":"post_tag","embeddable":true,"href":"http:\/\/www.comps.fr\/index.php?rest_route=%2Fwp%2Fv2%2Ftags&post=393"}],"curies":[{"name":"wp","href":"https:\/\/api.w.org\/{rel}","templated":true}]}}